{"id":273,"date":"2013-02-11T19:18:57","date_gmt":"2013-02-11T19:18:57","guid":{"rendered":"http:\/\/podcampus.phwien.ac.at\/fopa\/?p=273"},"modified":"2013-02-11T19:18:57","modified_gmt":"2013-02-11T19:18:57","slug":"verena-schneider-das-radiokolleg-als-medium-informeller-bildung","status":"publish","type":"post","link":"https:\/\/podcampus.phwien.ac.at\/fopa\/2013\/02\/11\/verena-schneider-das-radiokolleg-als-medium-informeller-bildung\/","title":{"rendered":"Verena Schneider: Das Radiokolleg als Medium informeller Bildung"},"content":{"rendered":"<p>Schneider, Verena (2005): Das Radiokolleg als Medium informeller Bildung: eine Untersuchung einer Sendereihe des \u00f6ffentlich-rechtlichen H\u00f6rfunksenders \u00d61 auf informelle Bildungsanl\u00e4sse. Diplomarbeit, Universit\u00e4t Wien.<\/p>\n<p>Schneider setzt sich in ihrer Diplomarbeit mit der Frage auseinander, ob die Sendereihe \u201aRadiokolleg\u2018 des \u00f6ffentlich-rechtlichen Radiosenders \u00d61 informelle Bildungsanl\u00e4sse bietet. Im Anschluss an die Definition von informeller Bildung analysiert die Autorin die Radiosendung \u201aRadiokolleg\u2018 und f\u00fchrt in diesem Rahmen auch zwei ExpertInneninterviews mit GestalterInnen des \u201aRadiokollegs\u2018 durch. Im Zuge ihrer Arbeit kommt Schneider zu dem Ergebnis, dass es sich hier aus Perspektive der Zuh\u00f6renden nicht um rein informelle Bildungsanl\u00e4sse handelt, da diese vermittelt sind, dass aber der Art die Auseinandersetzung mit den vermittelten Inhalten sehr wohl charakteristisch f\u00fcr informelle Bildungsanl\u00e4sse ist.<\/p>\n<p>Bei den Ergebnissen ihrer Arbeit stellt Schneider fest, dass sich informelle Bildungsanl\u00e4sse v.a. bei den GestalterInnen von Radiosendungen feststellen lassen, was f\u00fcr das Projekt bedeutsam ist.<\/p>\n","protected":false},"excerpt":{"rendered":"<p>Schneider, Verena (2005): Das Radiokolleg als Medium informeller Bildung: eine Untersuchung einer Sendereihe des \u00f6ffentlich-rechtlichen H\u00f6rfunksenders \u00d61 auf informelle Bildungsanl\u00e4sse. Diplomarbeit, Universit\u00e4t Wien. Schneider setzt sich in ihrer Diplomarbeit mit der Frage auseinander, ob die Sendereihe \u201aRadiokolleg\u2018 des \u00f6ffentlich-rechtlichen Radiosenders &hellip; <a href=\"https:\/\/podcampus.phwien.ac.at\/fopa\/2013\/02\/11\/verena-schneider-das-radiokolleg-als-medium-informeller-bildung\/\">Continue reading <span class=\"meta-nav\">&rarr;<\/span><\/a><\/p>\n","protected":false},"author":27,"featured_media":0,"comment_status":"closed","ping_status":"open","sticky":false,"template":"","format":"standard","meta":{"footnotes":""},"categories":[5,8,11,10,7],"tags":[15,18,14,12],"class_list":["post-273","post","type-post","status-publish","format-standard","hentry","category-literature","category-media","category-mediennutzung","category-medientheorie","category-paed","tag-use","tag-praxisbeispiel","tag-radio","tag-theorie"],"acf":[],"_links":{"self":[{"href":"https:\/\/podcampus.phwien.ac.at\/fopa\/wp-json\/wp\/v2\/posts\/273","targetHints":{"allow":["GET"]}}],"collection":[{"href":"https:\/\/podcampus.phwien.ac.at\/fopa\/wp-json\/wp\/v2\/posts"}],"about":[{"href":"https:\/\/podcampus.phwien.ac.at\/fopa\/wp-json\/wp\/v2\/types\/post"}],"author":[{"embeddable":true,"href":"https:\/\/podcampus.phwien.ac.at\/fopa\/wp-json\/wp\/v2\/users\/27"}],"replies":[{"embeddable":true,"href":"https:\/\/podcampus.phwien.ac.at\/fopa\/wp-json\/wp\/v2\/comments?post=273"}],"version-history":[{"count":1,"href":"https:\/\/podcampus.phwien.ac.at\/fopa\/wp-json\/wp\/v2\/posts\/273\/revisions"}],"predecessor-version":[{"id":274,"href":"https:\/\/podcampus.phwien.ac.at\/fopa\/wp-json\/wp\/v2\/posts\/273\/revisions\/274"}],"wp:attachment":[{"href":"https:\/\/podcampus.phwien.ac.at\/fopa\/wp-json\/wp\/v2\/media?parent=273"}],"wp:term":[{"taxonomy":"category","embeddable":true,"href":"https:\/\/podcampus.phwien.ac.at\/fopa\/wp-json\/wp\/v2\/categories?post=273"},{"taxonomy":"post_tag","embeddable":true,"href":"https:\/\/podcampus.phwien.ac.at\/fopa\/wp-json\/wp\/v2\/tags?post=273"}],"curies":[{"name":"wp","href":"https:\/\/api.w.org\/{rel}","templated":true}]}}