{"id":1075,"date":"2016-06-30T07:42:01","date_gmt":"2016-06-30T07:42:01","guid":{"rendered":"http:\/\/podcampus.phwien.ac.at\/itatvs\/?p=1075"},"modified":"2016-08-02T07:52:57","modified_gmt":"2016-08-02T07:52:57","slug":"eeducation-austria","status":"publish","type":"post","link":"https:\/\/podcampus.phwien.ac.at\/itatvs\/archives\/1075","title":{"rendered":"eEducation Austria"},"content":{"rendered":"<p>Liebes IT@VS-Team,<\/p>\n<p>wir, Martin Klein, Ursula Fleischmann (Mulley), Martin Sankofi und Barbara Zuliani m\u00f6chten uns auf diesem Weg recht herzlich f\u00fcr den sehr regen Austausch auf \u201eunserer\u201c KommunikationsDREHscheibe der IT@VS-HP sowie in der Facebookgruppe bedanken!<\/p>\n<p>Im kommenden Herbst startet die Initiative\u00a0eEducation Austria\u00a0mit dem Motto:\u00a0Digitale Bildung f\u00fcr alle!<strong><br \/>\n<\/strong><a href=\"http:\/\/www.eeducation.at\/\">www.eeducation.at<\/a>\u00a0informiert \u00fcber die laufende Entwicklung; so richtig los geht\u2019s dann mit dem kommenden Schulbeginn im September 2016.<\/p>\n<p><strong>Erstmals in \u00d6sterreich werden alle Schulen, denen die Vermittlung digitaler und informatischer Kompetenzen ein Anliegen ist, in einem gemeinsamen Netzwerk zusammenarbeiten k\u00f6nnen \u2013 ganz gleich, ob Bundes- oder Landesschule; ganz gleich, welche Schulart.<\/strong><\/p>\n<p><strong>Die LandeskoordinatorInnen der Volksschule:<\/strong><\/p>\n<p><strong>Burgenland: Christine P\u00f6ltl \u00a0\u00a0\u00a0\u00a0\u00a0\u00a0\u00a0\u00a0 \u00a0\u00a0\u00a0\u00a0\u00a0\u00a0\u00a0\u00a0\u00a0\u00a0\u00a0<a href=\"&#109;a&#x69;l&#x74;&#111;&#x3a;&#99;&#x68;&#114;i&#x73;t&#x69;&#110;&#x65;&#46;&#x70;&#111;&#x65;&#108;t&#x6c;&#64;&#x62;&#105;&#x6c;&#100;&#x75;&#110;g&#x73;s&#x65;&#114;&#x76;&#101;&#x72;&#46;&#x63;&#111;m\"> c<\/a><\/strong><a href=\"&#x6d;a&#x69;&#108;t&#x6f;&#58;&#x63;&#104;r&#x69;&#115;&#x74;&#105;n&#x65;&#46;&#x70;&#x6f;e&#x6c;&#116;l&#x40;&#98;&#x69;&#108;d&#x75;&#110;&#x67;&#115;s&#x65;&#114;&#x76;&#x65;r&#x2e;&#99;o&#x6d;\"><strong>&#x68;&#x72;&#x69;&#115;&#116;&#105;ne&#x2e;&#x70;&#x6f;&#x65;&#108;&#116;l&#64;&#x62;&#x69;&#x6c;&#x64;&#117;&#110;gs&#x73;&#x65;&#x72;&#x76;&#101;&#114;&#46;co&#x6d;<\/strong><\/a><\/p>\n<p><strong>K\u00e4rnten: \u00a0\u00a0\u00a0\u00a0\u00a0\u00a0 Sonja Morak \u00a0\u00a0\u00a0\u00a0\u00a0\u00a0\u00a0 \u00a0 \u00a0\u00a0\u00a0\u00a0\u00a0\u00a0\u00a0\u00a0\u00a0\u00a0\u00a0\u00a0\u00a0 <\/strong><a href=\"&#x6d;&#x61;&#105;&#108;t&#x6f;&#x3a;&#x73;&#109;or&#x61;&#x6b;&#64;&#105;c&#x6c;&#x6f;&#x75;&#100;&#46;c&#x6f;&#x6d;\"><strong>&#x73;&#x6d;&#x6f;&#114;&#97;&#107;&#64;i&#x63;&#x6c;&#x6f;&#x75;&#100;&#46;co&#x6d;<\/strong><\/a><\/p>\n<p><strong>N\u00d6: \u00a0\u00a0\u00a0\u00a0\u00a0\u00a0\u00a0\u00a0\u00a0\u00a0\u00a0\u00a0\u00a0\u00a0\u00a0\u00a0 Andrea M\u00e4rzweiler \u00a0\u00a0\u00a0\u00a0\u00a0\u00a0\u00a0\u00a0\u00a0\u00a0 <\/strong><a href=\"m&#97;&#105;&#x6c;&#x74;&#x6f;:&#65;&#110;&#x64;&#x72;&#x65;a&#46;&#77;&#x61;&#x65;&#x72;zw&#101;&#105;&#x6c;&#x65;&#x72;&#64;&#108;&#115;&#x72;&#x2d;&#x6e;o&#101;&#46;&#x67;&#x76;&#x2e;at\"><strong>&#x41;&#x6e;&#x64;&#x72;&#x65;&#x61;&#x2e;&#x4d;&#97;&#101;&#114;&#122;&#119;&#101;&#105;ler&#64;&#x6c;&#x73;&#x72;&#x2d;&#x6e;&#x6f;&#x65;&#x2e;&#x67;&#118;&#46;&#97;&#116;<\/strong><\/a><\/p>\n<p><strong>\u00a0\u00a0\u00a0\u00a0\u00a0\u00a0\u00a0\u00a0 \u00a0\u00a0\u00a0\u00a0\u00a0\u00a0\u00a0\u00a0\u00a0\u00a0\u00a0\u00a0\u00a0\u00a0\u00a0\u00a0 Sabine Apfler \u00a0\u00a0\u00a0\u00a0\u00a0\u00a0\u00a0\u00a0\u00a0\u00a0\u00a0\u00a0\u00a0\u00a0\u00a0\u00a0\u00a0\u00a0\u00a0\u00a0 \u00a0 <\/strong><a href=\"&#109;&#x61;&#x69;l&#116;&#x6f;:&#115;&#x61;&#x62;i&#110;&#x65;&#46;&#97;&#x70;&#x66;l&#101;&#x72;&#64;&#115;&#x63;&#x68;&#117;&#108;&#x65;&#46;&#97;&#x74;\"><strong>&#115;&#x61;&#98;&#x69;&#110;&#x65;&#46;&#x61;p&#x66;l&#101;&#x72;&#64;&#x73;&#99;&#x68;&#117;&#x6c;e&#x2e;a&#x74;<\/strong><\/a><\/p>\n<p><strong>O\u00d6: \u00a0\u00a0\u00a0\u00a0\u00a0\u00a0\u00a0\u00a0\u00a0\u00a0\u00a0\u00a0\u00a0\u00a0\u00a0\u00a0 Andreas Lehrbaumer\u00a0\u00a0\u00a0\u00a0\u00a0\u00a0\u00a0 <\/strong><a href=\"&#x6d;&#x61;&#x69;&#x6c;&#x74;&#x6f;&#58;&#97;&#46;&#108;ehrb&#x61;&#x75;&#x6d;&#x65;&#x72;&#x40;&#101;&#100;&#117;&#104;&#105;&#46;at\"><strong>&#x61;&#x2e;&#x6c;&#x65;&#x68;&#x72;&#98;&#97;&#117;&#109;er&#64;e&#x64;&#x75;&#x68;&#x69;&#x2e;&#x61;&#116;<\/strong><\/a><\/p>\n<p><strong>\u00a0\u00a0\u00a0\u00a0\u00a0\u00a0\u00a0\u00a0 \u00a0\u00a0\u00a0\u00a0\u00a0\u00a0\u00a0\u00a0\u00a0\u00a0\u00a0\u00a0 \u00a0 \u00a0 Christa Dumhart \u00a0\u00a0\u00a0\u00a0\u00a0\u00a0\u00a0\u00a0\u00a0\u00a0\u00a0\u00a0\u00a0 \u00a0 <\/strong><a href=\"&#109;&#x61;&#105;&#x6c;&#116;&#x6f;&#58;&#x63;d&#x75;m&#x68;a&#x72;t&#64;&#x65;&#100;&#x75;&#104;&#x69;&#46;&#x61;&#116;\"><strong>&#99;&#x64;&#117;&#x6d;h&#x61;r&#116;&#x40;&#101;&#x64;u&#x68;i&#46;&#x61;&#116;<\/strong><\/a><\/p>\n<p><strong>Salzburg: \u00a0\u00a0\u00a0\u00a0 Chris Wegmayr \u00a0\u00a0\u00a0\u00a0\u00a0\u00a0\u00a0\u00a0\u00a0\u00a0\u00a0\u00a0\u00a0 \u00a0 \u00a0\u00a0 <\/strong><a href=\"&#109;&#x61;i&#108;&#x74;o&#58;&#x63;h&#x72;&#x69;&#115;&#x40;w&#101;&#x67;m&#97;&#x79;r&#x2e;&#x61;&#116;\"><strong>&#x63;&#x68;&#114;i&#x73;&#x40;&#119;eg&#x6d;&#x61;&#121;r&#x2e;&#x61;&#116;<\/strong><\/a><\/p>\n<p><strong>Steiermark:\u00a0 Silvana Aureli \u00a0\u00a0\u00a0\u00a0\u00a0\u00a0\u00a0\u00a0\u00a0\u00a0\u00a0\u00a0\u00a0\u00a0\u00a0\u00a0\u00a0\u00a0\u00a0\u00a0 <\/strong><a href=\"mail&#116;&#111;&#58;&#83;&#105;&#x6c;&#x76;&#x61;&#x6e;&#x61;&#x2e;&#x41;urel&#105;&#64;&#112;&#104;&#115;&#x74;&#x2e;&#x61;&#x74;\"><strong>S&#105;&#108;&#x76;&#x61;&#x6e;&#x61;&#46;&#65;&#117;&#114;&#x65;&#x6c;&#x69;&#64;p&#104;&#115;&#x74;&#x2e;&#x61;t<\/strong><\/a><\/p>\n<p><strong>\u00a0\u00a0\u00a0\u00a0\u00a0\u00a0\u00a0\u00a0\u00a0\u00a0\u00a0\u00a0\u00a0\u00a0\u00a0\u00a0\u00a0\u00a0\u00a0\u00a0 \u00a0\u00a0\u00a0\u00a0\u00a0 Claudia Schob\u00e9 \u00a0\u00a0\u00a0\u00a0\u00a0 \u00a0\u00a0\u00a0\u00a0\u00a0\u00a0\u00a0\u00a0\u00a0\u00a0\u00a0 <\/strong><a href=\"&#109;a&#x69;l&#x74;o&#x3a;c&#x6c;&#97;&#x75;&#100;&#x69;&#97;&#x2e;&#115;c&#104;o&#x62;e&#x40;l&#x65;&#104;&#x72;&#101;&#x72;&#118;&#x65;&#114;&#x74;&#114;e&#116;u&#x6e;g&#x2d;b&#x72;&#117;&#x63;&#107;&#x2e;&#97;&#x74;\"><strong>&#x63;&#108;a&#x75;&#x64;&#105;a&#x2e;&#x73;&#99;h&#x6f;&#x62;&#101;&#64;&#x6c;&#x65;&#104;r&#x65;&#114;&#118;e&#x72;&#116;r&#x65;&#x74;&#117;n&#x67;&#x2d;&#98;r&#x75;&#x63;&#107;&#46;&#x61;&#x74;<\/strong><\/a><\/p>\n<p><strong>Tirol: \u00a0\u00a0\u00a0\u00a0\u00a0\u00a0\u00a0\u00a0\u00a0\u00a0\u00a0\u00a0\u00a0\u00a0 Helmut Krepper \u00a0\u00a0\u00a0\u00a0\u00a0\u00a0\u00a0\u00a0\u00a0\u00a0\u00a0\u00a0\u00a0\u00a0\u00a0 <\/strong><a href=\"&#x6d;&#x61;&#x69;&#x6c;&#116;&#111;:h&#46;&#x6b;&#x72;&#x65;&#x70;&#112;&#101;r&#64;t&#x73;&#x6e;&#x2e;&#x61;&#116;\"><strong>&#x68;&#46;k&#x72;&#101;p&#x70;&#x65;&#114;&#x40;&#x74;&#115;n&#x2e;&#97;t<\/strong><\/a><\/p>\n<p><strong>Vorarlberg: \u00a0Jeannine Schilcher \u00a0\u00a0\u00a0\u00a0\u00a0\u00a0\u00a0\u00a0\u00a0\u00a0\u00a0 <\/strong><a href=\"&#109;&#x61;&#105;&#x6c;&#116;&#x6f;&#58;&#x4a;&#101;&#x61;&#110;&#x6e;&#105;&#x6e;&#101;&#x2e;&#83;&#x63;&#104;&#x69;&#108;&#x63;&#104;&#x65;&#114;&#x40;&#103;&#x6d;&#120;&#x2e;&#97;&#x74;\"><strong>&#74;e&#x61;n&#x6e;i&#x6e;e&#x2e;S&#x63;h&#x69;&#108;&#x63;&#104;&#x65;&#114;&#x40;&#103;&#x6d;&#120;&#x2e;&#97;&#x74;<\/strong><\/a><\/p>\n<p><strong>Wien:\u00a0\u00a0\u00a0\u00a0\u00a0\u00a0\u00a0\u00a0\u00a0\u00a0\u00a0\u00a0\u00a0 Ursula Fleischmann \u00a0\u00a0\u00a0\u00a0\u00a0\u00a0\u00a0 \u00a0 <a href=\"&#109;&#x61;&#x69;&#108;&#x74;&#x6f;&#58;&#x75;&#x73;&#99;&#x68;&#x69;&#46;&#x66;&#x6c;&#101;&#x69;&#x73;&#99;&#x68;&#x6d;&#97;&#x6e;&#x6e;&#64;&#x41;&#x31;&#46;&#x6e;&#x65;t\">&#x75;&#x73;&#99;h&#x69;&#x2e;&#x66;&#108;e&#x69;&#x73;&#x63;&#104;m&#x61;&#x6e;&#x6e;&#64;A&#x31;&#x2e;&#x6e;&#101;t<\/a><\/strong><\/p>\n<p><strong>\u00a0\u00a0\u00a0\u00a0\u00a0\u00a0\u00a0\u00a0\u00a0\u00a0\u00a0\u00a0\u00a0\u00a0\u00a0\u00a0\u00a0\u00a0\u00a0\u00a0\u00a0\u00a0\u00a0\u00a0\u00a0 Harry Axmann\u00a0\u00a0\u00a0\u00a0\u00a0\u00a0\u00a0 \u00a0\u00a0\u00a0\u00a0\u00a0\u00a0\u00a0\u00a0\u00a0\u00a0 \u00a0 <\/strong><a href=\"&#x6d;&#x61;&#x69;&#x6c;&#x74;&#x6f;&#x3a;&#x68;&#x61;&#x72;&#x72;&#121;&#97;&#120;&#109;&#97;&#110;&#110;&#64;hotma&#x69;&#x6c;&#x2e;&#x63;&#x6f;&#x6d;\"><strong>&#x68;a&#x72;r&#x79;&#97;&#x78;&#109;a&#x6e;n&#x40;&#104;&#x6f;&#116;&#x6d;&#97;i&#x6c;&#46;&#x63;&#111;&#x6d;<\/strong><\/a><\/p>\n<p><strong>\u00a0<\/strong><\/p>\n<p><strong>&#8230;freuen sich auf gutes Netzwerken und produktive Zusammenarbeit sowie \u00fcber zahlreiche Anmeldungen im neuen Schuljahr!<\/strong><\/p>\n<ul>\n<li>Alle IT@VS-Leuchtturmschulen, die Mitglied beim Netzwerk werden, werden die bisherige IT@VS E-Learning-Unterst\u00fctzung in neuer Form auch weiterhin in Anspruch nehmen k\u00f6nnen: als\u00a0<strong>eEducation.Member.Schulen<\/strong>. Hierf\u00fcr ist lediglich das Commitment der Schulleitung notwendig, dass die Schule Interesse an der Vermittlung digitaler und informatischer Kompetenzen hat und bereit ist, einen Schulentwicklungsprozess zu beginnen und an einem eEducation-Schulkonzept zu arbeiten.<\/li>\n<\/ul>\n<ul>\n<li>Alle IT@VS-Standorte, die bislang schon aktiv oder zertifiziert Teil eines E-Learning-Innovationsnetzwerks (eLSA, ENIS, KidZ) gewesen sind, werden vom Bildungsministerium aktiv eingeladen, als\u00a0<strong>eEducation.Expert.Schulen<\/strong>mit ihrem Know-how andere Schulen zu unterst\u00fctzen, an der Entwicklung von OER (Open Education Ressources) oder in Forschungs- und Entwicklungsprojekten mitzuwirken. Das Bildungsministerium stellt hier j\u00e4hrlich einen Investitionsfonds zur finanziellen Unterst\u00fctzung und Projektfinanzierung sowie die Einladung zu Tagungen und exklusiven Fortbildungsprogrammen zus\u00e4tzlich zu den regionalen Angeboten und der Unterst\u00fctzung der P\u00e4dagogischen Hochschulen zur Verf\u00fcgung. Zur Beibehaltung ihres Status m\u00fcssen alle eEducation.Expert.Schulen j\u00e4hrlich die laufende Dokumentation von Aktivit\u00e4ten und Leistungen in Form von \u201eBadges\u201c (Sammelpass) nachweisen.<\/li>\n<\/ul>\n<p>Bereits als Expert-Schulen ausgewiesene Volksschulen im Bundesland k\u00f6nnen bei den\u00a0\u00a0\u00a0\u00a0\u00a0\u00a0 LandeskoordinatorInnen nachgefragt werden.<\/p>\n<ul>\n<li>Dar\u00fcber hinaus werden alle Schulen die M\u00f6glichkeit erhalten, sich durch Aktivit\u00e4ten und Leistungen (Badges) als \u201eExperts\u201c zu qualifizieren. (<a href=\"http:\/\/eeducation.at\/fileadmin\/user_upload\/eeducation\/downloads\/2016-06-13_eEducation_Badges.pdf\">http:\/\/eeducation.at\/fileadmin\/user_upload\/eeducation\/downloads\/2016-06-13_eEducation_Badges.pdf<\/a>)<\/li>\n<\/ul>\n<p>&nbsp;<\/p>\n<p>Also: Lernen von- und miteinander. In die Breite kommen. Expertise sichtbar machen. Kein Kind ohne digitale Kompetenzen! Besser lehren und lernen mit digitalen Medien! Aktiv an \u00d6sterreichs Zukunft mitwirken!<\/p>\n<p>Die bislang in unserem Bundesland laufenden E-Learning-Entwicklungsstrategien laufen nat\u00fcrlich weiter \u2013 vernetzt mit und erg\u00e4nzt durch eEducation Austria.<\/p>\n<p><strong>Zusammengefasst: Was ist zu tun?<\/strong><\/p>\n<ul>\n<li>Alle VS, die schon bisher zB bei eLSA, ENIS oder beim KidZ-Projekt aktiv waren, brauchen gar nichts tun. Sie werden aktiv vom Bildungsministerium eingeladen.<\/li>\n<li>Alle VS, die weiterhin E-Learning-Unterst\u00fctzung vom Bund in Anspruch nehmen m\u00f6chten, m\u00f6gen ihre Mitgliedschaft dann im Herbst bei eEducation Austria unter beantragen.<\/li>\n<\/ul>\n<p>&nbsp;<\/p>\n<p>&nbsp;<\/p>\n","protected":false},"excerpt":{"rendered":"<p>Liebes IT@VS-Team, wir, Martin Klein, Ursula Fleischmann (Mulley), Martin Sankofi und Barbara Zuliani m\u00f6chten uns auf diesem Weg recht herzlich f\u00fcr den sehr regen Austausch auf \u201eunserer\u201c KommunikationsDREHscheibe der IT@VS-HP sowie in der Facebookgruppe bedanken! Im kommenden Herbst startet die Initiative\u00a0eEducation Austria\u00a0mit dem Motto:\u00a0Digitale Bildung f\u00fcr alle! www.eeducation.at\u00a0informiert \u00fcber die laufende Entwicklung; so richtig los <a class=\"more-link excerpt-link\" href=\"https:\/\/podcampus.phwien.ac.at\/itatvs\/archives\/1075\">Weiterlesen<span class=\"glyphicon glyphicon-chevron-right\"><\/span><\/a><\/p>\n","protected":false},"author":100,"featured_media":1079,"comment_status":"closed","ping_status":"open","sticky":false,"template":"","format":"standard","meta":{"footnotes":""},"categories":[70],"tags":[71],"class_list":["post-1075","post","type-post","status-publish","format-standard","has-post-thumbnail","hentry","category-eeducation_austria","tag-eeducation_austria"],"acf":[],"_links":{"self":[{"href":"https:\/\/podcampus.phwien.ac.at\/itatvs\/wp-json\/wp\/v2\/posts\/1075","targetHints":{"allow":["GET"]}}],"collection":[{"href":"https:\/\/podcampus.phwien.ac.at\/itatvs\/wp-json\/wp\/v2\/posts"}],"about":[{"href":"https:\/\/podcampus.phwien.ac.at\/itatvs\/wp-json\/wp\/v2\/types\/post"}],"author":[{"embeddable":true,"href":"https:\/\/podcampus.phwien.ac.at\/itatvs\/wp-json\/wp\/v2\/users\/100"}],"replies":[{"embeddable":true,"href":"https:\/\/podcampus.phwien.ac.at\/itatvs\/wp-json\/wp\/v2\/comments?post=1075"}],"version-history":[{"count":5,"href":"https:\/\/podcampus.phwien.ac.at\/itatvs\/wp-json\/wp\/v2\/posts\/1075\/revisions"}],"predecessor-version":[{"id":1083,"href":"https:\/\/podcampus.phwien.ac.at\/itatvs\/wp-json\/wp\/v2\/posts\/1075\/revisions\/1083"}],"wp:featuredmedia":[{"embeddable":true,"href":"https:\/\/podcampus.phwien.ac.at\/itatvs\/wp-json\/wp\/v2\/media\/1079"}],"wp:attachment":[{"href":"https:\/\/podcampus.phwien.ac.at\/itatvs\/wp-json\/wp\/v2\/media?parent=1075"}],"wp:term":[{"taxonomy":"category","embeddable":true,"href":"https:\/\/podcampus.phwien.ac.at\/itatvs\/wp-json\/wp\/v2\/categories?post=1075"},{"taxonomy":"post_tag","embeddable":true,"href":"https:\/\/podcampus.phwien.ac.at\/itatvs\/wp-json\/wp\/v2\/tags?post=1075"}],"curies":[{"name":"wp","href":"https:\/\/api.w.org\/{rel}","templated":true}]}}