{"id":1402,"date":"2017-01-27T12:08:33","date_gmt":"2017-01-27T10:08:33","guid":{"rendered":"http:\/\/podcampus.phwien.ac.at\/radiobox\/?p=1402"},"modified":"2017-01-27T12:08:33","modified_gmt":"2017-01-27T10:08:33","slug":"erneut-preise-fuer-freie-radios","status":"publish","type":"post","link":"https:\/\/podcampus.phwien.ac.at\/radiobox\/archive\/1402","title":{"rendered":"Erneut Preise f\u00fcr Freie Radios"},"content":{"rendered":"<p class=\"\" lang=\"de-DE\"><span style=\"color: #000000;\">Erneut wird den Freien Radios in hohem Ma\u00dfe Qualit\u00e4t attestiert. Bei der Verleihung des Radiopreises f\u00fcr Erwachsenenbildung gingen gleich zwei von von f\u00fcnf Auszeichnungen an den Sektor der gemeinn\u00fctzigen, werbefreien und unabh\u00e4ngigen Sender. Von 18 nominierten Sendungen kommen 7 von Freien Radios. \u201eWir freuen uns \u00fcber den deutlichen Zuspruch durch Einrichtungen der Erwachsenenbildung\u201c, sagt <a class=\"\" href=\"http:\/\/dr.in\/\">Dr.in<\/a> Helga Schwarzwald. \u201eAnerkennung aus der Fachwelt ist f\u00fcr viele RadiomacherInnen besonders motivierend. Wir hoffen aber auch auf eine entsprechende Medienpolitik\u201c, so die Gesch\u00e4ftsf\u00fchrerin des Verband Freier Radios \u00d6sterreich.<\/span><\/p>\n<p class=\"\"><span style=\"color: #000000;\"><span class=\"\" lang=\"de-DE\">Ausgezeichnet wurden i<\/span><\/span>n der <strong class=\"\">Sparte Interaktive und experimentelle Produktionen<\/strong> \u201e<strong class=\"\">50 Hz \u2013 gefragt, gesagt, gespielt, geh\u00f6rt<\/strong>\u201c, eine Sendung von <strong class=\"\">Adele Knall, Ammar Nasser, Lisa Puchner, Miriam H\u00fcbl, Shafiq Islami und Teresa Schwind<\/strong>, <strong class=\"\">Radio Orange 94.0<\/strong> und in der Kategorie <strong class=\"\">Sendereihen<\/strong> \u201e<strong class=\"\">Oral History: LEBENSWEGE &#8211; H\u00f6rbilder<\/strong>\u201c, eine Sendereihe des <strong class=\"\">Freien Radios Salzkammergut<\/strong>.<\/p>\n<p class=\"\"><span style=\"color: #000000;\"><span class=\"\" lang=\"de-DE\">Der Bedarf nach qualit\u00e4tsvollen Sendungen, die mit aktiver Beteiligung der Bev\u00f6lkerung zustandekommen, ist gerade in Zeiten politischer Umbr\u00fcche evident. Mit ihrem partizipativen Ansatz entsprechen Freie Radios mehr als andere traditionelle Medien einem neuen Demokratieverst\u00e4ndnis, das nach mehr politischer Teilhabe verlangt. <\/span><\/span><span class=\"\" lang=\"de-DE\">Insgesamt sind \u00fcber 2700 B\u00fcrgerInnen bei Freien Radios als Medienschaffende t\u00e4tig und st\u00e4rken durch den Erwerb von Medienkompetenz indirekt verloren gegangenes Vertrauen in \u201edie Medien\u201c<\/span><span style=\"color: #000000;\"><span class=\"\" lang=\"de-DE\">. <\/span><\/span><span class=\"\" lang=\"de-DE\">Der Verband Freier Radios \u00d6sterreich fordert daher, den \u00f6ffentlichen Wert Freier Radios auch verst\u00e4rkt medienpolitisch anzuerkennen und entsprechend abzusichern. \u201eD<\/span><span class=\"\" lang=\"en-US\">ie nicht-kommerzielle Herstellung von politischer \u00d6ffentlichkeit<\/span><span class=\"\" lang=\"de-DE\"> ist ein <\/span><span class=\"\" lang=\"en-US\">wesentlicher Bestandteil demokratischer Meinungsbildung<\/span><span class=\"\" lang=\"de-DE\">. Sie muss<\/span><span class=\"\" lang=\"en-US\"> konsequenter anerkannt und gef\u00f6rdert w<\/span><span class=\"\" lang=\"de-DE\">erden<\/span><span class=\"\" lang=\"en-US\">\u201c, <\/span><span class=\"\" lang=\"de-DE\">schlie\u00dft<\/span><span class=\"\" lang=\"en-US\"> Schwarzwald.\u00a0<\/span><\/p>\n<div class=\"\"><\/div>\n<p class=\"\"><span style=\"font-family: Arial, sans-serif;\"><span class=\"\" lang=\"de-DE\"><b class=\"\">R<\/b><\/span><\/span><span class=\"\" lang=\"de-DE\"><b class=\"\">\u00fc<\/b><\/span><span style=\"font-family: Arial, sans-serif;\"><span class=\"\" lang=\"de-DE\"><b class=\"\">ckfragehinweis:<\/b><\/span><\/span><\/p>\n<p class=\"\"><span style=\"font-family: Arial, sans-serif;\"><span class=\"\" lang=\"en-US\">Dr.<\/span><\/span><span style=\"font-family: Arial, sans-serif;\"><span class=\"\" lang=\"de-DE\">in Helga Schwarzwald | <\/span><\/span><span class=\"\" lang=\"de-DE\">\u00a0<\/span><span style=\"font-family: Arial, sans-serif;\"><span class=\"\" lang=\"de-DE\">Gesch<\/span><\/span><span class=\"\" lang=\"en-US\">\u00e4<\/span><span style=\"font-family: Arial, sans-serif;\"><span class=\"\" lang=\"de-DE\">ftsf<\/span><\/span><span class=\"\" lang=\"en-US\">\u00fc<\/span><span style=\"font-family: Arial, sans-serif;\"><span class=\"\" lang=\"de-DE\">hrung |<\/span><\/span><span class=\"\" lang=\"de-DE\">\u00a0<\/span><span style=\"font-family: Arial, sans-serif;\"><span class=\"\" lang=\"de-DE\">Verband Freier Radios <\/span><\/span><span class=\"\" lang=\"en-US\">\u00d6<\/span><span style=\"font-family: Arial, sans-serif;\"><span class=\"\" lang=\"de-DE\">sterreich<\/span><\/span><\/p>\n<p class=\"\"><span style=\"font-family: Arial, sans-serif;\"><span class=\"\" lang=\"de-DE\">Kandlgasse 6\/1-3, 1070 Wien | <\/span><\/span><span style=\"font-family: Arial, sans-serif;\"><span class=\"\" lang=\"en-US\">+43 (0) 680 236 8889 <\/span><\/span><span style=\"font-family: Arial, sans-serif;\"><span class=\"\" lang=\"de-DE\">| <\/span><\/span><span style=\"font-family: Arial, sans-serif;\"><span class=\"\" lang=\"en-US\"><a class=\"\" href=\"&#109;&#x61;&#105;&#x6c;&#116;&#x6f;&#58;&#x6f;&#102;&#x66;&#105;&#x63;&#101;&#x40;&#102;&#x72;&#101;&#x69;&#101;&#x2d;&#114;&#x61;&#100;&#x69;&#111;&#x73;&#46;&#x61;&#116;\">&#x6f;&#102;f&#x69;&#99;e&#x40;&#102;r&#x65;&#105;e&#x2d;&#114;a&#x64;&#x69;o&#x73;&#x2e;&#97;&#x74;<\/a><\/span><\/span><span style=\"font-family: Arial, sans-serif;\"><span class=\"\" lang=\"de-DE\"> |<\/span><\/span><span class=\"\" lang=\"de-DE\">\u00a0<\/span><span style=\"font-family: Arial, sans-serif;\"><span class=\"\" lang=\"en-US\"><a class=\"\" href=\"http:\/\/www.freie-radios.at\/\">www.freie-radios.at<\/a><\/span><\/span><\/p>\n","protected":false},"excerpt":{"rendered":"<p>Erneut wird den Freien Radios in hohem Ma\u00dfe Qualit\u00e4t attestiert. Bei der Verleihung des Radiopreises f\u00fcr Erwachsenenbildung gingen gleich zwei von von f\u00fcnf Auszeichnungen an den Sektor der gemeinn\u00fctzigen, werbefreien und unabh\u00e4ngigen Sender. Von 18 nominierten Sendungen kommen 7 von &hellip; <a href=\"https:\/\/podcampus.phwien.ac.at\/radiobox\/archive\/1402\">Weiterlesen <span class=\"meta-nav\">&rarr;<\/span><\/a><\/p>\n","protected":false},"author":4,"featured_media":0,"comment_status":"closed","ping_status":"open","sticky":false,"template":"","format":"standard","meta":{"footnotes":""},"categories":[18,1],"tags":[],"class_list":["post-1402","post","type-post","status-publish","format-standard","hentry","category-aktuelles","category-allgemein"],"acf":[],"_links":{"self":[{"href":"https:\/\/podcampus.phwien.ac.at\/radiobox\/wp-json\/wp\/v2\/posts\/1402","targetHints":{"allow":["GET"]}}],"collection":[{"href":"https:\/\/podcampus.phwien.ac.at\/radiobox\/wp-json\/wp\/v2\/posts"}],"about":[{"href":"https:\/\/podcampus.phwien.ac.at\/radiobox\/wp-json\/wp\/v2\/types\/post"}],"author":[{"embeddable":true,"href":"https:\/\/podcampus.phwien.ac.at\/radiobox\/wp-json\/wp\/v2\/users\/4"}],"replies":[{"embeddable":true,"href":"https:\/\/podcampus.phwien.ac.at\/radiobox\/wp-json\/wp\/v2\/comments?post=1402"}],"version-history":[{"count":1,"href":"https:\/\/podcampus.phwien.ac.at\/radiobox\/wp-json\/wp\/v2\/posts\/1402\/revisions"}],"predecessor-version":[{"id":1403,"href":"https:\/\/podcampus.phwien.ac.at\/radiobox\/wp-json\/wp\/v2\/posts\/1402\/revisions\/1403"}],"wp:attachment":[{"href":"https:\/\/podcampus.phwien.ac.at\/radiobox\/wp-json\/wp\/v2\/media?parent=1402"}],"wp:term":[{"taxonomy":"category","embeddable":true,"href":"https:\/\/podcampus.phwien.ac.at\/radiobox\/wp-json\/wp\/v2\/categories?post=1402"},{"taxonomy":"post_tag","embeddable":true,"href":"https:\/\/podcampus.phwien.ac.at\/radiobox\/wp-json\/wp\/v2\/tags?post=1402"}],"curies":[{"name":"wp","href":"https:\/\/api.w.org\/{rel}","templated":true}]}}