{"id":1464,"date":"2017-06-18T19:05:52","date_gmt":"2017-06-18T17:05:52","guid":{"rendered":"http:\/\/podcampus.phwien.ac.at\/radiobox\/?p=1464"},"modified":"2017-07-27T21:02:09","modified_gmt":"2017-07-27T19:02:09","slug":"nachlese-fachtagung-radio-und-schule-2017","status":"publish","type":"post","link":"https:\/\/podcampus.phwien.ac.at\/radiobox\/archive\/1464","title":{"rendered":"Nachlese Fachtagung &#8222;Radio und Schule&#8220; 2017"},"content":{"rendered":"<p>Von 18.-20.5.2017 fand die Fachtagung &#8222;Radio und Schule&#8220; zum sechsten Mal in Seekirchen statt. \u00dcber 40 Personen trafen sich und tauschten ihre Erfahrungen, pr\u00e4sentierten neue Projekte und Methoden und \u00fcberlegten neue Kooperationen und Zug\u00e4nge. Die TeilnehmerInnen waren MitarbeiterInnen von Freien Radios, die dort f\u00fcr die Ausbildung der RadiomacherInnen zust\u00e4ndig sind, TrainerInnen, die in Radios und\/oder mit Schulklassen Workshops durchf\u00fchren, Medienp\u00e4dagogInnen, die freiberuflich arbeiten, MitarbeiterInnen von P\u00e4dagogischen Hochschulen und LehrerInnen aus dem Primar und Sekundarstufenbereich. Zus\u00e4tzlich waren ExpertInnen aus der Schweiz und Slowenien zu Gast und brachten Beispiele aus ihrem Arbeitsumfeld ein.<\/p>\n<p>Die Konzeption der Fachtagung als Mischung von der Veranstaltungsorganisation vorbereiteten Inputs und angelehnt an die Konzeption eines Barcamps vor Ort eingebrachte Ateliers, erg\u00e4nzt durch ausreichend Open Space f\u00fcr geplante oder spontane Reflexion und Austausch, hatte sich in den letzten Jahren bew\u00e4hrt und wurde beibehalten. Im Rahmen der zwei Tage entstanden auf diese Art 16 <a href=\"http:\/\/podcampus.phwien.ac.at\/radiobox\/archive\/1416\">Ateliers<\/a> zwischen 30 und 120 min. Dauer.<\/p>\n<p>Besonders erfreulich war die verst\u00e4rkte Pr\u00e4senz des<a href=\"https:\/\/www.bmb.gv.at\/schulen\/unterricht\/prinz\/medienpaedagogik.html\" target=\"_blank\" rel=\"noopener\"> BMB <\/a>durch die Teilnahme der Referatsleitung &#8222;<a href=\"https:\/\/www.bmb.gv.at\/schulen\/unterricht\/prinz\/medienpaedagogik.html\" target=\"_blank\" rel=\"noopener\">Medienp\u00e4dagogik<\/a>&#8220; Mag.a Sonja Ziegelwagner. So konnten im direkten Diskurs insbesondere die Kooperation BMB &#8211; Freie Radios im Schulbereich er\u00f6rtert und intensiviert werden.<\/p>\n<p>Mehrere Ateliers boten auch multimediale Zug\u00e4nge (Radio, Video\/Web). In mehreren Diskussionen wurde festgehalten, dass in den Ausbildungsangeboten der Freien Radios die Methoden, die im au\u00dferschulischen und Erwachsenenbidlungsbereich angeboten wurden, auch in den Kooperationen mit Schulen\/Schulklassen Relevanz haben.<br \/>\nDaraus entstand der mehrfach ge\u00e4u\u00dferte Wunsch die Tagung auch f\u00fcr ExpertInnen und Interessierte aus der Erwachsenenbildung und aus den Freien Fernsehstationen auszuweiten, um hier voneinander zu lernen oder die Zusammenarbeit im Bildungssektor weiter zu intensivieren.<\/p>\n<p>Weitere thematische Schwerpunkte waren die Auseinandersetzung mit der Entstehung und Verbreitung von &#8222;Fake news&#8220; sowie \u00fcber medienethische Grundhaltungen.<\/p>\n<p>Einen akustischen Eindruck bietet die in einem Atelier entstandene Radiosendung, die zum Nachh\u00f6ren einerseits im H\u00f6rarchiv der Freien Radios (CBA) on demand h\u00f6rbar ist und andererseits On Air bei den Radios ausgestrahlt wird:<br \/>\n<iframe loading=\"lazy\" style=\"border: none; width: 100%; height: 133px;\" src=\"https:\/\/cba.fro.at\/343386\/embed?&amp;waveform=false&amp;title=false&amp;socialmedia=true&amp;subscribe=true&amp;series_link=true\" width=\"100%\" height=\"133\"><\/iframe><\/p>\n<p>IM Atelier, das sich mit der Medienkovergenz von Radio und TV besch\u00e4ftigte, entstand auch ein kurzes Fernsehmagazin:<br \/>\n<iframe loading=\"lazy\" src=\"http:\/\/podcampus.phwien.ac.at\/archiv\/file_embed?format=video&#038;file=4686&#038;width=640\" border=\"0\" scrolling=\"no\" width=\"640\" height=\"510\" id=\"4686\"><\/iframe><\/p>\n","protected":false},"excerpt":{"rendered":"<p>Von 18.-20.5.2017 fand die Fachtagung &#8222;Radio und Schule&#8220; zum sechsten Mal in Seekirchen statt. \u00dcber 40 Personen trafen sich und tauschten ihre Erfahrungen, pr\u00e4sentierten neue Projekte und Methoden und \u00fcberlegten neue Kooperationen und Zug\u00e4nge. Die TeilnehmerInnen waren MitarbeiterInnen von Freien &hellip; <a href=\"https:\/\/podcampus.phwien.ac.at\/radiobox\/archive\/1464\">Weiterlesen <span class=\"meta-nav\">&rarr;<\/span><\/a><\/p>\n","protected":false},"author":4,"featured_media":0,"comment_status":"open","ping_status":"open","sticky":false,"template":"","format":"standard","meta":{"footnotes":""},"categories":[96],"tags":[97],"class_list":["post-1464","post","type-post","status-publish","format-standard","hentry","category-ras17","tag-ras17"],"acf":[],"_links":{"self":[{"href":"https:\/\/podcampus.phwien.ac.at\/radiobox\/wp-json\/wp\/v2\/posts\/1464","targetHints":{"allow":["GET"]}}],"collection":[{"href":"https:\/\/podcampus.phwien.ac.at\/radiobox\/wp-json\/wp\/v2\/posts"}],"about":[{"href":"https:\/\/podcampus.phwien.ac.at\/radiobox\/wp-json\/wp\/v2\/types\/post"}],"author":[{"embeddable":true,"href":"https:\/\/podcampus.phwien.ac.at\/radiobox\/wp-json\/wp\/v2\/users\/4"}],"replies":[{"embeddable":true,"href":"https:\/\/podcampus.phwien.ac.at\/radiobox\/wp-json\/wp\/v2\/comments?post=1464"}],"version-history":[{"count":4,"href":"https:\/\/podcampus.phwien.ac.at\/radiobox\/wp-json\/wp\/v2\/posts\/1464\/revisions"}],"predecessor-version":[{"id":1471,"href":"https:\/\/podcampus.phwien.ac.at\/radiobox\/wp-json\/wp\/v2\/posts\/1464\/revisions\/1471"}],"wp:attachment":[{"href":"https:\/\/podcampus.phwien.ac.at\/radiobox\/wp-json\/wp\/v2\/media?parent=1464"}],"wp:term":[{"taxonomy":"category","embeddable":true,"href":"https:\/\/podcampus.phwien.ac.at\/radiobox\/wp-json\/wp\/v2\/categories?post=1464"},{"taxonomy":"post_tag","embeddable":true,"href":"https:\/\/podcampus.phwien.ac.at\/radiobox\/wp-json\/wp\/v2\/tags?post=1464"}],"curies":[{"name":"wp","href":"https:\/\/api.w.org\/{rel}","templated":true}]}}