{"id":1647,"date":"2018-05-31T18:49:31","date_gmt":"2018-05-31T16:49:31","guid":{"rendered":"http:\/\/podcampus.phwien.ac.at\/radiobox\/?p=1647"},"modified":"2018-05-31T18:49:48","modified_gmt":"2018-05-31T16:49:48","slug":"nachlese-fachtagung2018","status":"publish","type":"post","link":"https:\/\/podcampus.phwien.ac.at\/radiobox\/archive\/1647","title":{"rendered":"Nachlese Fachtagung 2018"},"content":{"rendered":"<p>Von 27.-29.5.2018 fand zum 7.Mal die Fachtagung &#8222;<a href=\"https:\/\/podcampus.phwien.ac.at\/radiobox\/archive\/1472\" target=\"_blank\" rel=\"noopener\">Freie Medien und Bildungsarbei<\/a>t&#8220; statt. Am ersten Abend wurden unsere internationalen G\u00e4ste <a href=\"http:\/\/nearfm.ie\/about-the-media-co-op\/\" rel=\"noopener\">Ciaran Murray:<\/a>\u00a0Projektkoordinator, Radioproducer\u00a0<a href=\"http:\/\/www.noearfm.ie\" rel=\"noopener\">near.fm<\/a>, Dublin (IRL), und <a href=\"http:\/\/www.klippklang.ch\/de\/Team\/152\" rel=\"noopener\">Liselotte T\u00e4nnler<\/a>, Radioschule klipp+klang (CH), vorgestellt und erz\u00e4hlten von ihren Erfahrungen.<\/p>\n<p>Am 2. und 3. Tag wurden in <a href=\"http:\/\/podcampus.phwien.ac.at\/radiobox\/archive\/1581\" target=\"_blank\" rel=\"noopener\">17 Ateliers<\/a> unterschiedliche Themen rund um die Medienproduktion im Bildungsbereich er\u00f6rtert. Ein wesentlicher Teil der Tagung sind die zahlreichen Gespr\u00e4che und der informelle Erfahrungsaustausch zwischen den 50 TeilnehmerInnen.<\/p>\n<p>Die Teilnahme von Sonja Ziegelwagner, Referatsleiterin f\u00fcr Medienp\u00e4dagogik im bmbwf, erm\u00f6glichte neben dem strukturierten Diskussionsangebot im Rahmen eines Ateliers auch die Kl\u00e4rung vieler administrativer Fragen im informellen Gespr\u00e4ch.<\/p>\n<p>Die Schlussrunde mit Eindr\u00fccken der TeilnehmerInnen ist hier nachh\u00f6rbar:<br \/>\n<iframe loading=\"lazy\" src=\"https:\/\/cba.fro.at\/376174\/embed?&#038;waveform=false&#038;title=false&#038;socialmedia=true&#038;subscribe=true\" width=\"100%\" height=\"144\" style=\"border:none; width:100%; height:144px;\"><\/iframe><\/p>\n","protected":false},"excerpt":{"rendered":"<p>Von 27.-29.5.2018 fand zum 7.Mal die Fachtagung &#8222;Freie Medien und Bildungsarbeit&#8220; statt. Am ersten Abend wurden unsere internationalen G\u00e4ste Ciaran Murray:\u00a0Projektkoordinator, Radioproducer\u00a0near.fm, Dublin (IRL), und Liselotte T\u00e4nnler, Radioschule klipp+klang (CH), vorgestellt und erz\u00e4hlten von ihren Erfahrungen. Am 2. und 3. &hellip; <a href=\"https:\/\/podcampus.phwien.ac.at\/radiobox\/archive\/1647\">Weiterlesen <span class=\"meta-nav\">&rarr;<\/span><\/a><\/p>\n","protected":false},"author":4,"featured_media":0,"comment_status":"closed","ping_status":"open","sticky":false,"template":"","format":"standard","meta":{"footnotes":""},"categories":[99],"tags":[],"class_list":["post-1647","post","type-post","status-publish","format-standard","hentry","category-mub18"],"acf":[],"_links":{"self":[{"href":"https:\/\/podcampus.phwien.ac.at\/radiobox\/wp-json\/wp\/v2\/posts\/1647","targetHints":{"allow":["GET"]}}],"collection":[{"href":"https:\/\/podcampus.phwien.ac.at\/radiobox\/wp-json\/wp\/v2\/posts"}],"about":[{"href":"https:\/\/podcampus.phwien.ac.at\/radiobox\/wp-json\/wp\/v2\/types\/post"}],"author":[{"embeddable":true,"href":"https:\/\/podcampus.phwien.ac.at\/radiobox\/wp-json\/wp\/v2\/users\/4"}],"replies":[{"embeddable":true,"href":"https:\/\/podcampus.phwien.ac.at\/radiobox\/wp-json\/wp\/v2\/comments?post=1647"}],"version-history":[{"count":4,"href":"https:\/\/podcampus.phwien.ac.at\/radiobox\/wp-json\/wp\/v2\/posts\/1647\/revisions"}],"predecessor-version":[{"id":1654,"href":"https:\/\/podcampus.phwien.ac.at\/radiobox\/wp-json\/wp\/v2\/posts\/1647\/revisions\/1654"}],"wp:attachment":[{"href":"https:\/\/podcampus.phwien.ac.at\/radiobox\/wp-json\/wp\/v2\/media?parent=1647"}],"wp:term":[{"taxonomy":"category","embeddable":true,"href":"https:\/\/podcampus.phwien.ac.at\/radiobox\/wp-json\/wp\/v2\/categories?post=1647"},{"taxonomy":"post_tag","embeddable":true,"href":"https:\/\/podcampus.phwien.ac.at\/radiobox\/wp-json\/wp\/v2\/tags?post=1647"}],"curies":[{"name":"wp","href":"https:\/\/api.w.org\/{rel}","templated":true}]}}