{"id":607,"date":"2012-04-26T10:03:46","date_gmt":"2012-04-26T10:03:46","guid":{"rendered":"http:\/\/radiobildung.wordpress.com\/?p=144"},"modified":"2012-04-26T10:03:46","modified_gmt":"2012-04-26T10:03:46","slug":"ausbildung-weiterbildung","status":"publish","type":"post","link":"https:\/\/podcampus.phwien.ac.at\/radiobox\/archive\/607","title":{"rendered":"Ausbildung &#8211; Weiterbildung"},"content":{"rendered":"<p>In der Ausbildung (PH) soll die Sensibilisierung mit verst\u00e4rktem Hinweis auf bestehende (Schul-)Projekte sowie auf unterst\u00fctzenden Aktivit\u00e4ten der freien Radios stattfinden. Dazu ist es notwendig, die PHn zu vernetzen und die Angebote in der Ausbildung abzustimmen.<\/p>\n<p>Dar\u00fcber hinaus ist aber erforderlich, eine Zentralstelle im Internet f\u00fcr konkrete Angebote, Hinweise f\u00fcr die Produktion von Sch\u00fcler\/innenradios zu etablieren. Das Unterscheidungsmerkmal zu bestehenden Plattformen (z.B. <a href=\"http:\/\/www.schuelerradio.at\" target=\"_blank\">www.schuelerradio.at<\/a>) ist die Kooperation mit den freien Radios.<\/p>\n<p>Bereich\/Elemente, die auf dieser Plattform angeboten sein sollen:<\/p>\n<ul>\n<li>Kontakt zu freien Radios und Radioprojekten<\/li>\n<li>Hinweise zu Radiogestaltung, Sendungsbau,<\/li>\n<li>Hinweise zu Workshops und Ausbildungen<\/li>\n<li>Hinweise zur technischen Ausstattung von Raportagesets sowie Studiobau etc.<\/li>\n<li>didaktische Hinweise f\u00fcr die konkrete Projektarbeit in Schulen.<\/li>\n<li>Schulformen\u00fcbergreifende Hinweise \u00fcber Einsatzszenarien (von der Volksschule zur BHS) sowie f\u00e4cher\u00fcbergreifende Aspekte (Radio nicht als Schulfach sondern als generelle &#8222;Methode&#8220; des Lernens).<\/li>\n<li>Diese Plattform muss redaktionell betreut werden, daf\u00fcr sind Ressourcen notwendig.<\/li>\n<\/ul>\n<p>W\u00fcnschenswert ist es, einen Lehrgang anzubieten, der die wesentlichen Elemente der Radioarbeit und Audioproduktion abdeckt. Ein erster Entwurf entsteht derzeit an der PH Graz in Kooperation mit dem Projekt &#8222;Lernform Radio&#8220; &#8211; <a href=\"http:\/\/www.radioigel.at\" target=\"_blank\">www.radioigel.at<\/a>. Die \u00f6sterreichische (Schul-)radiolandschaft ist eingeladen, sich inhaltlich bei der Entwicklung zu beteiligen (Koordination: Wolfgang Kolleritsch). Dieser Lehrgang (5 EC) soll im kommenden Jahr erprobt und evaluiert werden und kann danach als Modell an anderen \u00f6sterr. PHn implementiert werden.<\/p>\n","protected":false},"excerpt":{"rendered":"<p>In der Ausbildung (PH) soll die Sensibilisierung mit verst\u00e4rktem Hinweis auf bestehende (Schul-)Projekte sowie auf unterst\u00fctzenden Aktivit\u00e4ten der freien Radios stattfinden. Dazu ist es notwendig, die PHn zu vernetzen und die Angebote in der Ausbildung abzustimmen. Dar\u00fcber hinaus ist aber &hellip; <a href=\"https:\/\/podcampus.phwien.ac.at\/radiobox\/archive\/607\">Weiterlesen <span class=\"meta-nav\">&rarr;<\/span><\/a><\/p>\n","protected":false},"author":4,"featured_media":0,"comment_status":"open","ping_status":"open","sticky":false,"template":"","format":"standard","meta":{"footnotes":""},"categories":[21],"tags":[43,49],"class_list":["post-607","post","type-post","status-publish","format-standard","hentry","category-ras12-seminare","tag-ras12","tag-schulung"],"acf":[],"_links":{"self":[{"href":"https:\/\/podcampus.phwien.ac.at\/radiobox\/wp-json\/wp\/v2\/posts\/607","targetHints":{"allow":["GET"]}}],"collection":[{"href":"https:\/\/podcampus.phwien.ac.at\/radiobox\/wp-json\/wp\/v2\/posts"}],"about":[{"href":"https:\/\/podcampus.phwien.ac.at\/radiobox\/wp-json\/wp\/v2\/types\/post"}],"author":[{"embeddable":true,"href":"https:\/\/podcampus.phwien.ac.at\/radiobox\/wp-json\/wp\/v2\/users\/4"}],"replies":[{"embeddable":true,"href":"https:\/\/podcampus.phwien.ac.at\/radiobox\/wp-json\/wp\/v2\/comments?post=607"}],"version-history":[{"count":0,"href":"https:\/\/podcampus.phwien.ac.at\/radiobox\/wp-json\/wp\/v2\/posts\/607\/revisions"}],"wp:attachment":[{"href":"https:\/\/podcampus.phwien.ac.at\/radiobox\/wp-json\/wp\/v2\/media?parent=607"}],"wp:term":[{"taxonomy":"category","embeddable":true,"href":"https:\/\/podcampus.phwien.ac.at\/radiobox\/wp-json\/wp\/v2\/categories?post=607"},{"taxonomy":"post_tag","embeddable":true,"href":"https:\/\/podcampus.phwien.ac.at\/radiobox\/wp-json\/wp\/v2\/tags?post=607"}],"curies":[{"name":"wp","href":"https:\/\/api.w.org\/{rel}","templated":true}]}}