{"id":912,"date":"2014-11-14T18:31:09","date_gmt":"2014-11-14T16:31:09","guid":{"rendered":"http:\/\/podcampus.phwien.ac.at\/radiobox\/?p=912"},"modified":"2014-11-14T18:31:09","modified_gmt":"2014-11-14T16:31:09","slug":"fachtagung-seekirchen-2015","status":"publish","type":"post","link":"https:\/\/podcampus.phwien.ac.at\/radiobox\/archive\/912","title":{"rendered":"Fachtagung Seekirchen 2015"},"content":{"rendered":"<p>Es ist nun fix: Die 4. bundesweite <strong>Fachtagung<\/strong>\u00a0<span style=\"color: #000000; font-weight: bold;\">\u201cAudioarbeit in der Schule \u2013 Radio als Lernform\u201d findet auch 2015 in Seekirchen\/Wallersee\u00a0<\/span>statt. Die Inskription f\u00fcr LehrerInnen ist 17.November 2014 m\u00f6glich. Details zur Anmeldung siehe <a title=\"Anmeldung Tagung 2015\" href=\"http:\/\/podcampus.phwien.ac.at\/radiobox\/4-fachtagung-audioarbeit-in-der-schule-radio-als-lernform\/anmeldung-tagung-2015\">hier<\/a>. Das genaue Programm folgt demn\u00e4chst.<\/p>\n","protected":false},"excerpt":{"rendered":"<p>Es ist nun fix: Die 4. bundesweite Fachtagung\u00a0\u201cAudioarbeit in der Schule \u2013 Radio als Lernform\u201d findet auch 2015 in Seekirchen\/Wallersee\u00a0statt. Die Inskription f\u00fcr LehrerInnen ist 17.November 2014 m\u00f6glich. Details zur Anmeldung siehe hier. Das genaue Programm folgt demn\u00e4chst.<\/p>\n","protected":false},"author":4,"featured_media":0,"comment_status":"open","ping_status":"open","sticky":false,"template":"","format":"standard","meta":{"footnotes":""},"categories":[77],"tags":[78],"class_list":["post-912","post","type-post","status-publish","format-standard","hentry","category-ras15","tag-ras15-2"],"acf":[],"_links":{"self":[{"href":"https:\/\/podcampus.phwien.ac.at\/radiobox\/wp-json\/wp\/v2\/posts\/912","targetHints":{"allow":["GET"]}}],"collection":[{"href":"https:\/\/podcampus.phwien.ac.at\/radiobox\/wp-json\/wp\/v2\/posts"}],"about":[{"href":"https:\/\/podcampus.phwien.ac.at\/radiobox\/wp-json\/wp\/v2\/types\/post"}],"author":[{"embeddable":true,"href":"https:\/\/podcampus.phwien.ac.at\/radiobox\/wp-json\/wp\/v2\/users\/4"}],"replies":[{"embeddable":true,"href":"https:\/\/podcampus.phwien.ac.at\/radiobox\/wp-json\/wp\/v2\/comments?post=912"}],"version-history":[{"count":1,"href":"https:\/\/podcampus.phwien.ac.at\/radiobox\/wp-json\/wp\/v2\/posts\/912\/revisions"}],"predecessor-version":[{"id":915,"href":"https:\/\/podcampus.phwien.ac.at\/radiobox\/wp-json\/wp\/v2\/posts\/912\/revisions\/915"}],"wp:attachment":[{"href":"https:\/\/podcampus.phwien.ac.at\/radiobox\/wp-json\/wp\/v2\/media?parent=912"}],"wp:term":[{"taxonomy":"category","embeddable":true,"href":"https:\/\/podcampus.phwien.ac.at\/radiobox\/wp-json\/wp\/v2\/categories?post=912"},{"taxonomy":"post_tag","embeddable":true,"href":"https:\/\/podcampus.phwien.ac.at\/radiobox\/wp-json\/wp\/v2\/tags?post=912"}],"curies":[{"name":"wp","href":"https:\/\/api.w.org\/{rel}","templated":true}]}}