{"id":987,"date":"2015-04-28T11:38:07","date_gmt":"2015-04-28T09:38:07","guid":{"rendered":"http:\/\/podcampus.phwien.ac.at\/radiobox\/?p=987"},"modified":"2016-04-03T12:42:25","modified_gmt":"2016-04-03T10:42:25","slug":"programmplanung-fachtagung-seekirchen-2015","status":"publish","type":"post","link":"https:\/\/podcampus.phwien.ac.at\/radiobox\/archive\/987","title":{"rendered":"Programmplanung Fachtagung Seekirchen 2015"},"content":{"rendered":"<div class=\"entry-content\">\n<p>Die Fachtagung dient vor allem dem Erfahrungsaustausch von ExpertInnen. \u00a0Der Ablauf folgt den Interessen der TeilnehmerInnen, die dazu eingeladen sind, <a href=\"http:\/\/podcampus.phwien.ac.at\/radiobox\/archive\/tag\/ateliers15\" target=\"_blank\">Ateliers<\/a> zu anzubieten. Ateliers k\u00f6nnen thematische Gespr\u00e4chsrunden, Pr\u00e4sentationen oder auch Hand On Workshops sein. Zus\u00e4tzlich werden Angebote von der Veranstaltungsleitung organisiert. Der endg\u00fcltige Zeitplan ergibt sich vor Ort (Gasthaus zur Post , A-5201 Seekirchen am Wallersee-\u00a0<a href=\"http:\/\/www.postseekirchen.at\/\">www.postseekirchen.at<\/a>).<\/p>\n<p><strong>Donnerstag\u00a014.5.2015<\/strong><\/p>\n<p><em>ab 12:00 Check In, Ankommen AG Schulradio<\/em><br \/>\n14:00\u00a0-17:00 Treffen der AG Schulradio (nur MitarbeiterInnen der FR)<\/p>\n<p><em>ab 16:00 Check In, Ankommen restliche TeilnehmerInnen<\/em><br \/>\n18:00\u00a0Begr\u00fc\u00dfung \u2013\u00a0Erstellung des Tagungsplanes<br \/>\n<em>19:00 Abendessen<\/em><br \/>\n20:00 Plenum Vortrag 1:\u00a0 Irena Cvetkovics \/<a href=\"http:\/\/athlonecommunityradio.ie\/\" target=\"_blank\"> Athlone Community Radio<\/a>\u00a0&#8211; media literacy<\/p>\n<p><strong>Freitag\u00a015.5.2015<\/strong><\/p>\n<p>10:00 Ateliers Runde\u00a01<br \/>\n10:45 Open Space<br \/>\n11:15 \u00a0Ateliers Runde\u00a02<br \/>\n12:00 Open Space<br \/>\n<em>12:30 Mittagessen<br \/>\n<\/em>15:00 Ateliers Runde\u00a03<br \/>\n15:45 Open Space<br \/>\n16:30 Ateliers Runde\u00a04<br \/>\n17:15 Open Space<br \/>\n18:00 Plenum<br \/>\n<em>18:30 Abendessen<\/em><br \/>\n20:00 Plenum Vortrag 2:\u00a0Helmut Peissl\/<a href=\"http:\/\/www.commit.at\" target=\"_blank\">COMMIT<\/a> &#8211; Radio im Kontext Life Long Learning<\/p>\n<p><strong>Samstag\u00a016.5.2015<\/strong><\/p>\n<p>10:00 Ateliers Runde\u00a05 \/ AG Schulradio<br \/>\n11:30 Schlussrunde<br \/>\n<em>12:45 Tagungsende<\/em><\/p>\n<p><em>13:00 Mittagessen (optional)<\/em><\/p>\n<\/div>\n<p>&nbsp;<\/p>\n","protected":false},"excerpt":{"rendered":"<p>Die Fachtagung dient vor allem dem Erfahrungsaustausch von ExpertInnen. \u00a0Der Ablauf folgt den Interessen der TeilnehmerInnen, die dazu eingeladen sind, Ateliers zu anzubieten. Ateliers k\u00f6nnen thematische Gespr\u00e4chsrunden, Pr\u00e4sentationen oder auch Hand On Workshops sein. Zus\u00e4tzlich werden Angebote von der Veranstaltungsleitung &hellip; <a href=\"https:\/\/podcampus.phwien.ac.at\/radiobox\/archive\/987\">Weiterlesen <span class=\"meta-nav\">&rarr;<\/span><\/a><\/p>\n","protected":false},"author":4,"featured_media":0,"comment_status":"closed","ping_status":"open","sticky":false,"template":"","format":"standard","meta":{"footnotes":""},"categories":[77,19],"tags":[78,56],"class_list":["post-987","post","type-post","status-publish","format-standard","hentry","category-ras15","category-seminare","tag-ras15-2","tag-veranstaltungen"],"acf":[],"_links":{"self":[{"href":"https:\/\/podcampus.phwien.ac.at\/radiobox\/wp-json\/wp\/v2\/posts\/987","targetHints":{"allow":["GET"]}}],"collection":[{"href":"https:\/\/podcampus.phwien.ac.at\/radiobox\/wp-json\/wp\/v2\/posts"}],"about":[{"href":"https:\/\/podcampus.phwien.ac.at\/radiobox\/wp-json\/wp\/v2\/types\/post"}],"author":[{"embeddable":true,"href":"https:\/\/podcampus.phwien.ac.at\/radiobox\/wp-json\/wp\/v2\/users\/4"}],"replies":[{"embeddable":true,"href":"https:\/\/podcampus.phwien.ac.at\/radiobox\/wp-json\/wp\/v2\/comments?post=987"}],"version-history":[{"count":7,"href":"https:\/\/podcampus.phwien.ac.at\/radiobox\/wp-json\/wp\/v2\/posts\/987\/revisions"}],"predecessor-version":[{"id":1021,"href":"https:\/\/podcampus.phwien.ac.at\/radiobox\/wp-json\/wp\/v2\/posts\/987\/revisions\/1021"}],"wp:attachment":[{"href":"https:\/\/podcampus.phwien.ac.at\/radiobox\/wp-json\/wp\/v2\/media?parent=987"}],"wp:term":[{"taxonomy":"category","embeddable":true,"href":"https:\/\/podcampus.phwien.ac.at\/radiobox\/wp-json\/wp\/v2\/categories?post=987"},{"taxonomy":"post_tag","embeddable":true,"href":"https:\/\/podcampus.phwien.ac.at\/radiobox\/wp-json\/wp\/v2\/tags?post=987"}],"curies":[{"name":"wp","href":"https:\/\/api.w.org\/{rel}","templated":true}]}}